{"id":17622,"date":"2024-10-19T11:15:18","date_gmt":"2024-10-19T09:15:18","guid":{"rendered":"https:\/\/efn.eu\/?p=17622"},"modified":"2024-10-19T11:21:20","modified_gmt":"2024-10-19T09:21:20","slug":"efn-autumn-general-assembly","status":"publish","type":"post","link":"https:\/\/efn.eu\/?p=17622","title":{"rendered":"EFN Autumn General Assembly"},"content":{"rendered":"\n<p class=\"has-text-align-justify\">The EFN Members met in Warsaw (Poland) for the 119<sup>th<\/sup> EFN General Assembly, where key EU policy topics, having a huge impact on nurses and the nursing profession were discussed, as: the EU elections with a new European Commission &amp; European Parliament in place; EFN Advanced Practice Nurse developments; Continuous Professional Development\/Lifelong Learning. The EFN members discussed and approved EFN Policy Statements on \u2018<a href=\"https:\/\/efn.eu\/wp-content\/uploads\/2024\/10\/EFN-Policy-Statement-on-EU-Workforce-Strategy-Oct.-2024.pdf\" target=\"_blank\" rel=\"noreferrer noopener\">Co-designing the EU Health and Care Workforce Strategy<\/a>\u2019, \u2018<a href=\"https:\/\/efn.eu\/wp-content\/uploads\/2024\/10\/EFN-Policy-Statement-on-Ethical-Recruitment-Oct.-2024.pdf\" target=\"_blank\" rel=\"noreferrer noopener\">Ethical Recruitment and Empowering Domestic Nursing<\/a>\u2019, \u2018<a href=\"https:\/\/efn.eu\/wp-content\/uploads\/2024\/10\/EFN-PS-on-Nurses-economic-power-leadership-to-develop-circular-societies-Oct.-2024.pdf\" target=\"_blank\" rel=\"noreferrer noopener\">Nurses\u2019 economic power and leadership to develop circular societies<\/a>\u2019, \u2018<a href=\"https:\/\/efn.eu\/wp-content\/uploads\/2024\/10\/EFN-PS-improving-frontline-nurses-time-for-direct-patient-care-with-digitalisation-responsible-AI-Oct.-2024.pdf\" target=\"_blank\" rel=\"noreferrer noopener\">Improving frontline nurses\u2019 time for direct patient care with digitalisation &amp; responsible AI<\/a>\u2019. <\/p>\n\n\n\n<p class=\"has-text-align-justify\">Investing in high quality nursing care brings a trickle down of benefits which leads to healthier societies and economic prosperity, health systems resiliency, a reduction in inequalities and an increase in social justice. Next to that, post-covid, and with the nurses leaving massively the profession, it is key to invest in digital and responsible AI innovation, to support frontline nurses in gaining more time for direct patient care. The discussions and Policy Statements endorsed by the EFN Members are key to achieve the EFN policy objectives and developments, as outlined in the <a href=\"https:\/\/efn.eu\/wp-content\/uploads\/EFN-SOLP-2021-2027-1.pdf\" target=\"_blank\" rel=\"noreferrer noopener\">EFN SOLP 2021-2027<\/a>, to impact the EU policy process. <\/p>\n\n\n\n<p class=\"has-text-align-justify\">The EFN also took the opportunity to collect key data on Continuous Professional Development (CPD), in the context of the challenge of transferring CPD credits across European countries; as well as on ethical recruitment, given the importance of influencing politicians to address nursing recruitment and retention issues on a national level \u2013 it is key for the EFN, to have a view on the EU best practices to influence the EU institutions with concrete outcomes\/data, and to advance the EU health agenda. <\/p>\n\n\n<div class=\"wp-block-image\">\n<figure class=\"alignleft size-large is-resized\"><img data-recalc-dims=\"1\" fetchpriority=\"high\" decoding=\"async\" width=\"1024\" height=\"705\" src=\"https:\/\/i0.wp.com\/efn.eu\/wp-content\/uploads\/2024\/10\/20241018_154512.jpg?resize=1024%2C705&#038;ssl=1\" alt=\"\" class=\"wp-image-17625\" style=\"width:412px;height:auto\" srcset=\"https:\/\/i0.wp.com\/efn.eu\/wp-content\/uploads\/2024\/10\/20241018_154512-scaled.jpg?resize=1024%2C705&amp;ssl=1 1024w, https:\/\/i0.wp.com\/efn.eu\/wp-content\/uploads\/2024\/10\/20241018_154512-scaled.jpg?resize=300%2C206&amp;ssl=1 300w, https:\/\/i0.wp.com\/efn.eu\/wp-content\/uploads\/2024\/10\/20241018_154512-scaled.jpg?resize=768%2C528&amp;ssl=1 768w, https:\/\/i0.wp.com\/efn.eu\/wp-content\/uploads\/2024\/10\/20241018_154512-scaled.jpg?resize=1536%2C1057&amp;ssl=1 1536w, https:\/\/i0.wp.com\/efn.eu\/wp-content\/uploads\/2024\/10\/20241018_154512-scaled.jpg?resize=2048%2C1409&amp;ssl=1 2048w, https:\/\/i0.wp.com\/efn.eu\/wp-content\/uploads\/2024\/10\/20241018_154512-scaled.jpg?resize=1920%2C1321&amp;ssl=1 1920w, https:\/\/i0.wp.com\/efn.eu\/wp-content\/uploads\/2024\/10\/20241018_154512-scaled.jpg?resize=1170%2C805&amp;ssl=1 1170w, https:\/\/i0.wp.com\/efn.eu\/wp-content\/uploads\/2024\/10\/20241018_154512-scaled.jpg?resize=585%2C403&amp;ssl=1 585w, https:\/\/i0.wp.com\/efn.eu\/wp-content\/uploads\/2024\/10\/20241018_154512-scaled.jpg?w=2340&amp;ssl=1 2340w\" sizes=\"(max-width: 1024px) 100vw, 1024px\" \/><\/figure>\n<\/div>\n\n\n<p class=\"has-text-align-justify\">The EFN members welcomed the new elected Executive Committee 2024-2026 ready to work towards advancing the nursing profession and the health policy agenda at EU level: EFN President: Aristides Chorattas (Cyprus Nurses &amp; Midwives Association); EFN Vice-President: Patricia Marquis (Royal College of Nursing \u2013 UK); EFN Treasurer: Yves Mengal (FNIB \u2013 Belgium); and 4 Members: Zuzana Tom\u00e1\u0161kov\u00e1 (Czech Nurses Association); Dorthe Boe Danbj\u00f8rg (Danish Nurses Organisation); Tony Fitzpatrick (Irish Nurses and Midwives Organisation); Jo\u00e3o Paulo Carvalho (Ordem dos Enfermeiros (Portugal)). <\/p>\n\n\n\n<p class=\"has-text-align-justify\">The next EFN General Assembly will take place in Brussels, on 10-11 April 2025.<\/p>\n","protected":false},"excerpt":{"rendered":"<p>The EFN Members met in Warsaw (Poland) for the 119th&hellip;<\/p>\n","protected":false},"author":3,"featured_media":17623,"comment_status":"closed","ping_status":"open","sticky":false,"template":"","format":"standard","meta":{"_jetpack_memberships_contains_paid_content":false,"footnotes":""},"categories":[35],"tags":[],"class_list":["post-17622","post","type-post","status-publish","format-standard","has-post-thumbnail","hentry","category-news"],"jetpack_featured_media_url":"https:\/\/i0.wp.com\/efn.eu\/wp-content\/uploads\/2024\/10\/20241018_095821-scaled.jpg?fit=1920%2C2560&ssl=1","jetpack-related-posts":[],"jetpack_sharing_enabled":true,"_links":{"self":[{"href":"https:\/\/efn.eu\/index.php?rest_route=\/wp\/v2\/posts\/17622","targetHints":{"allow":["GET"]}}],"collection":[{"href":"https:\/\/efn.eu\/index.php?rest_route=\/wp\/v2\/posts"}],"about":[{"href":"https:\/\/efn.eu\/index.php?rest_route=\/wp\/v2\/types\/post"}],"author":[{"embeddable":true,"href":"https:\/\/efn.eu\/index.php?rest_route=\/wp\/v2\/users\/3"}],"replies":[{"embeddable":true,"href":"https:\/\/efn.eu\/index.php?rest_route=%2Fwp%2Fv2%2Fcomments&post=17622"}],"version-history":[{"count":4,"href":"https:\/\/efn.eu\/index.php?rest_route=\/wp\/v2\/posts\/17622\/revisions"}],"predecessor-version":[{"id":17628,"href":"https:\/\/efn.eu\/index.php?rest_route=\/wp\/v2\/posts\/17622\/revisions\/17628"}],"wp:featuredmedia":[{"embeddable":true,"href":"https:\/\/efn.eu\/index.php?rest_route=\/wp\/v2\/media\/17623"}],"wp:attachment":[{"href":"https:\/\/efn.eu\/index.php?rest_route=%2Fwp%2Fv2%2Fmedia&parent=17622"}],"wp:term":[{"taxonomy":"category","embeddable":true,"href":"https:\/\/efn.eu\/index.php?rest_route=%2Fwp%2Fv2%2Fcategories&post=17622"},{"taxonomy":"post_tag","embeddable":true,"href":"https:\/\/efn.eu\/index.php?rest_route=%2Fwp%2Fv2%2Ftags&post=17622"}],"curies":[{"name":"wp","href":"https:\/\/api.w.org\/{rel}","templated":true}]}}